{"id":2113,"date":"2022-11-13T11:27:52","date_gmt":"2022-11-13T11:27:52","guid":{"rendered":"https:\/\/horsethai.com\/images\/?p=2113"},"modified":"2022-11-13T11:27:52","modified_gmt":"2022-11-13T11:27:52","slug":"rencontres-bamako-biennale-africaine-photographie","status":"publish","type":"post","link":"https:\/\/horsethai.com\/images\/rencontres-bamako-biennale-africaine-photographie\/","title":{"rendered":"Rencontres bamako biennale africaine photographie"},"content":{"rendered":"<p>Oct 15, 2015 Les photographes seront invit\u00e9s \u00e0 raconter lAfrique non pas \u00e0 travers une vision superficielle des choses mais dans une tentative daller, par <img decoding=\"async\" src=\"https:\/\/la-chambre-claire.fr\/wp-content\/uploads\/30413.jpg\" alt=\"rencontres bamako biennale africaine photographie\" align=\"left\"> Dec 16, 2011 COLLECTIF POUR UN MONDE DURABLE-RENCONTRES DE BAMAKO 2011-BIENNALE AFRICAINE DE LA PHOTOGRAPHIE 9E EDITION ACTES SUD Catalogue Les plus grands cr\u00e9ateurs, les plus grands photographes africains sont r\u00e9unis lors de la Biennale de la Du 17 septembre au 27 novembre 2021 la Cit\u00e9 des Arts accueille la 12\u00e8me \u00e9dition des Rencontres de Bamako-Biennale africaine de la Photographie <img decoding=\"async\" src=\"https:\/\/www.librairie-descours.com\/fichier\/produits\/9782330001544_1.JPG\" alt=\"rencontres bamako biennale africaine photographie\" align=\"right\"> Les Rencontres de Bamako f\u00eatent cette ann\u00e9e leurs 25 ans, sous le th\u00e8me Courants de conscience Photographie. Biennale de Bamako, 12e \u00e9dition Nov 18, 2019 Les Rencontres de Bamako, Biennale historique et de renomm\u00e9e internationale de la photographie et de lart vid\u00e9o sur le continent africain Dec 5, 2019 Inaugur\u00e9e le week-end dernier, la douzi\u00e8me \u00e9dition des Rencontres de Bamako, biennale africaine de la photographie, c\u00e9l\u00e8bre les 25 ans de la De la photographie et des arts visuels la plus singuli\u00e8re du continent africain. Intitul\u00e9e Maa ka Maaya ka ca a yere kono Sur la multiplicit\u00e9, la diff\u00e9rence Oct 1, 2019 La 12\u00e8me \u00e9dition des Rencontres de Bamako-Biennale de la Photographie, sera loccasion de c\u00e9l\u00e9brer les 25 ans de leur existence et de leur Nov 26, 2014 Apr\u00e8s une interruption de deux ans, suite aux \u00e9v\u00e9nements que le Mali a connus entre 2012 et 2013, Les Rencontres de Bamako, Biennale R\u00e9sum\u00e9: Les Rencontres de Bamako, biennale africaine de la photographie initi\u00e9e en 1994, sont la premi\u00e8re et la principale manifestation consacr\u00e9e \u00e0 la Not\u00e9 5. Retrouvez Afrotopia: Rencontres de Bamako-Biennale africaine de la photographie 11e \u00e9dition et des millions de livres en stock sur Amazon. Fr Les Rencontres de Bamako, Biennale africaine de la photographie, 9e \u00e9dition, Pour un monde durable, Du 1er novembre 2011 au 1er janvier 2012 Afrotopia; 11e \u00e9dition Rencontres de Bamako; Biennale africaine de photographie. Louvrage Afrotopia est paru \u00e0 loccasion de la 11e \u00e9dition des Nov 30, 2019 Depuis 1994 et tous les deux ans y sont organis\u00e9es les Rencontres de Bamako, la plus importante rencontre photographique du continent africain <img decoding=\"async\" src=\"https:\/\/products-images.di-static.com\/image\/marie-ann-yemsi-afrotopia\/9782373720495-475x500-1.jpg\" alt=\"rencontres bamako biennale africaine photographie\" align=\"center\"> Nov 3, 2011 Le jeune S\u00e9n\u00e9galais Omar Victor Diop sest fait remarquer aux 9e Rencontres de Bamako, biennale africaine de la photographie organis\u00e9e par Dec 3, 2019 La 12e \u00e9dition des Rencontres africaines de la photographie se d\u00e9roule \u00e0 Bamako du 30 novembre 2019 au 31 janvier 2020 Nov 30, 2019 Rencontres de Bamako Biennale africaine de la photographie. D\u00e9di\u00e9e \u00e0 la photographie et \u00e0 lart vid\u00e9o sur le continent africain 2 days ago Mali: Lancement de la 12e Biennale Africaine de la Photographie 25 ans dimages c\u00e9l\u00e9br\u00e9s \u00e0 Bamako Festival international au f\u00e9minin Les Nov 30, 2019 ENTRETIEN. La Biennale africaine de la photographie souvre dans un Mali endeuill\u00e9, son commissaire Bonaventure Soh Bejeng Ndikung sest Dec 9, 2021 Rendez-vous culture-Samuel Fosso, le cam\u00e9l\u00e9on de la photographie africaine 2: 19. 7 days ago 2: 19. Play Later. Play Later Jan 27, 2011 Depuis 1994, les Rencontres de Bamako, co-organis\u00e9es est co-produites. Enjeux de la photographie contemporaine et de la vid\u00e9o en Afrique Aug 20, 2019 Pour organiser ces activit\u00e9s extra des rencontres de Bamako de la Biennale Africaine de la Photographie qui se d\u00e9roulera du 30 novembre 2019 au.<\/p>\n","protected":false},"excerpt":{"rendered":"<p>Oct 15, 2015 Les photographes seront invit\u00e9s \u00e0 raconter lAfrique non pas \u00e0 travers une vision superficielle des choses mais dans une tentative daller, par<\/p>\n","protected":false},"author":1,"featured_media":0,"comment_status":"closed","ping_status":"closed","sticky":false,"template":"","format":"standard","meta":{"footnotes":""},"categories":[],"tags":[],"class_list":["post-2113","post","type-post","status-publish","format-standard","hentry"],"_links":{"self":[{"href":"https:\/\/horsethai.com\/images\/wp-json\/wp\/v2\/posts\/2113","targetHints":{"allow":["GET"]}}],"collection":[{"href":"https:\/\/horsethai.com\/images\/wp-json\/wp\/v2\/posts"}],"about":[{"href":"https:\/\/horsethai.com\/images\/wp-json\/wp\/v2\/types\/post"}],"author":[{"embeddable":true,"href":"https:\/\/horsethai.com\/images\/wp-json\/wp\/v2\/users\/1"}],"replies":[{"embeddable":true,"href":"https:\/\/horsethai.com\/images\/wp-json\/wp\/v2\/comments?post=2113"}],"version-history":[{"count":0,"href":"https:\/\/horsethai.com\/images\/wp-json\/wp\/v2\/posts\/2113\/revisions"}],"wp:attachment":[{"href":"https:\/\/horsethai.com\/images\/wp-json\/wp\/v2\/media?parent=2113"}],"wp:term":[{"taxonomy":"category","embeddable":true,"href":"https:\/\/horsethai.com\/images\/wp-json\/wp\/v2\/categories?post=2113"},{"taxonomy":"post_tag","embeddable":true,"href":"https:\/\/horsethai.com\/images\/wp-json\/wp\/v2\/tags?post=2113"}],"curies":[{"name":"wp","href":"https:\/\/api.w.org\/{rel}","templated":true}]}}