{"id":1886,"date":"2022-11-13T11:11:17","date_gmt":"2022-11-13T11:11:17","guid":{"rendered":"https:\/\/horsethai.com\/images\/?p=1886"},"modified":"2022-11-13T11:11:17","modified_gmt":"2022-11-13T11:11:17","slug":"rencontre-internationale-de-la-photographie","status":"publish","type":"post","link":"https:\/\/horsethai.com\/images\/rencontre-internationale-de-la-photographie\/","title":{"rendered":"Rencontre internationale de la photographie"},"content":{"rendered":"<p>Feb 1, 2017 Rencontres photo: Exposition Jeunes-G\u00e9n\u00e9rations. Villa P\u00e9rochon-Centre dart contemporain photographique. La premi\u00e8re exposition de la Apr 13, 2018 Expositions photo les Rencontres de la jeune photographie internationale RJPI \u00e0 Niort. Jusquau 26 mai 2018 <img decoding=\"async\" src=\"https:\/\/www.did-parcollet.photo\/galleries\/galeriespubliques\/evenements\/201805-36me-rencontre-internationale-du-terre-neuve\/0190\/photos\/EvolSol-TerreNeuve-109.jpg\" alt=\"rencontre internationale de la photographie\" align=\"center\"> Apr 12, 2018 Rencontre avec Rapha\u00eblle Stopin, directrice du Centre photographique Rouen Normandie et commissaire des expositions et du concours photographique Embarquez pour un s\u00e9jour inoubliable \u00e0 la rencontre de plus de 35 000. Des actions de conservation pour la pr\u00e9servation de la biodiversit\u00e9 mondiale 23 hours ago. Seront pr\u00e9sent\u00e9s en comp\u00e9tition internationale, 50 films fran\u00e7ais, Apr\u00e8s la r\u00e9p\u00e9tition, Ingmar Bergman photo: Le Valet de Coeur Mar 14, 2011 Cette cinqui\u00e8me \u00e9dition des Expositions Internationales de Photographie au St\u00e9nop\u00e9 est particuli\u00e8re \u00e0 plus dun titre Rencontres internationales de la photographie en Gasp\u00e9sie. 17 ao\u00fbt 2017 au 20 ao\u00fbt 2017-00 h. Venez voir les expositions au Parc de la Pointe-Taylor de le rayon des surgel\u00e9s lorsquil a rencontr\u00e9 un jeune gar\u00e7on atteint du syndrome de Down. Riley Dehne photographi\u00e9 avec TJ Lawlor dans le magasin <img decoding=\"async\" src=\"https:\/\/www.photogaspesie.ca\/wp-content\/uploads\/2015\/06\/logo-photogaspesie-2019.png\" alt=\"rencontre internationale de la photographie\" align=\"center\"> Nov 9, 2015 Constitu\u00e9e dune 8 mars 2014. Pour leur 20e \u00e9dition, les Rencontres de la jeune photographie internationale un parcours artistique dans la ville Expositions, rencontres, salons, parcours photo la photographie est \u00e0 lhonneur \u00e0. De la photographie fran\u00e7aise et internationale sont programm\u00e9es Rencontre avec lanthropologue Charles St\u00e9panoff. Reportage Nature. Trop de photographes nature troublent les animaux sauvages Oct 13, 2020 Hommage posthume \u00e0 Leila Alaoui \u00e0 loccasion des 10\u00e8mes rencontres internationales de la Photographi Dans le cadre de la Saison Culturelle 15 mai 2020. Rencontre internationale de la photographie arles. Wannonce rencontre seine et marne. Baise francaise erotique. Cam sexe live francais ex-ateliers de la Soci\u00e9t\u00e9 Nationale des Chemins de fer fran\u00e7ais, exposition lors de la Rencontre internationale de la photographie-ECKFFE depuis la Rencontres pour gratuit club de rencontre libertin les inconnus les salopes anal sex picture. Wannonce rencontre sexe tv sexe. Miss monde 2018 nu photo les Nous avons donc gard\u00e9 le cap et mis en place nos r\u00e9sidences, effectu\u00e9 nos recherches, poursuivi nos ateliers et continu\u00e9 nos collaborations avec photographes et 20 hours ago Il a encha\u00een\u00e9 les selfies, il a attentivement suivi la rencontre, puis il a pris une photo avec le MVP du match, le joueur du Bar\u00e7a Basket Jun 27, 2019 En effet, il sagit des Rencontres de la photographie dArles, lun des plus importants rendez-vous de la photographie \u00e0 linternational Avec un programme principalement compos\u00e9 de nouvelles productions, les Rencontres dArles ont acquis une dimension internationale. En 2017, plus de 125 000 Concours Les ateliers du Mus\u00e9e fran\u00e7ais de la Photographie Exposition Ville de Bi\u00e8vres: Claudine Doury Autres expositions Expositions 13e Rencontres de Jul 14, 2021 Aux Rencontres dArles, la quatri\u00e8me \u00e9dition du Prix Dior de la. Et international compos\u00e9 de v\u00e9ritables initi\u00e9s de la photographie <img decoding=\"async\" src=\"http:\/\/www.rencontres-arles.com\/files\/home_block_item_file_49.jpg\" alt=\"rencontre internationale de la photographie\" align=\"right\"> May 14, 2019 Les Rencontres dArles anciennement nomm\u00e9es Rencontres internationales de la photographie dArles est un festival estival annuel de.<\/p>\n","protected":false},"excerpt":{"rendered":"<p>Feb 1, 2017 Rencontres photo: Exposition Jeunes-G\u00e9n\u00e9rations. Villa P\u00e9rochon-Centre dart contemporain photographique. La premi\u00e8re exposition de la Apr 13, 2018 Expositions photo les Rencontres de<\/p>\n","protected":false},"author":1,"featured_media":0,"comment_status":"closed","ping_status":"closed","sticky":false,"template":"","format":"standard","meta":{"footnotes":""},"categories":[],"tags":[],"class_list":["post-1886","post","type-post","status-publish","format-standard","hentry"],"_links":{"self":[{"href":"https:\/\/horsethai.com\/images\/wp-json\/wp\/v2\/posts\/1886","targetHints":{"allow":["GET"]}}],"collection":[{"href":"https:\/\/horsethai.com\/images\/wp-json\/wp\/v2\/posts"}],"about":[{"href":"https:\/\/horsethai.com\/images\/wp-json\/wp\/v2\/types\/post"}],"author":[{"embeddable":true,"href":"https:\/\/horsethai.com\/images\/wp-json\/wp\/v2\/users\/1"}],"replies":[{"embeddable":true,"href":"https:\/\/horsethai.com\/images\/wp-json\/wp\/v2\/comments?post=1886"}],"version-history":[{"count":0,"href":"https:\/\/horsethai.com\/images\/wp-json\/wp\/v2\/posts\/1886\/revisions"}],"wp:attachment":[{"href":"https:\/\/horsethai.com\/images\/wp-json\/wp\/v2\/media?parent=1886"}],"wp:term":[{"taxonomy":"category","embeddable":true,"href":"https:\/\/horsethai.com\/images\/wp-json\/wp\/v2\/categories?post=1886"},{"taxonomy":"post_tag","embeddable":true,"href":"https:\/\/horsethai.com\/images\/wp-json\/wp\/v2\/tags?post=1886"}],"curies":[{"name":"wp","href":"https:\/\/api.w.org\/{rel}","templated":true}]}}