{"id":17727,"date":"2022-11-14T13:50:55","date_gmt":"2022-11-14T13:50:55","guid":{"rendered":"https:\/\/horsethai.com\/images\/?p=17727"},"modified":"2022-11-14T13:50:55","modified_gmt":"2022-11-14T13:50:55","slug":"rencontre-benoit-16-francois","status":"publish","type":"post","link":"https:\/\/horsethai.com\/images\/rencontre-benoit-16-francois\/","title":{"rendered":"Rencontre benoit 16 francois"},"content":{"rendered":"<p>Oct 9, 2020 Prems de no\u00ebl: Le tout premier calendrier de lAvent Selon le p\u00e8re Lombardi, Beno\u00eet XVI a accueilli le pape Fran\u00e7ois \u00e0 sa descente Mar 23, 2013 Le pape Fran\u00e7ois et son pr\u00e9d\u00e9cesseur Beno\u00eet XVI se sont retrouv\u00e9s samedi dans la r\u00e9sidence pontificale d\u00e9t\u00e9 de Castel Gandolfo Feb 8, 2017 Fidel Castro a rencontr\u00e9 les trois derniers papes, Jean-Paul II, Beno\u00eet XVI et le pape Fran\u00e7ois. Tout au long de son pouvoir, le leader 6 h La rencontre Yasmine Abdelfadel et Dominic Valli\u00e8res 7 h La rencontre Benoit Dutrizac et Mario Dumont 8 h La rencontre Jean-Fran\u00e7ois Lis\u00e9e et Thomas Sep 25, 2020 Rencontre Entre Fran\u00e7ois Et Benoit Xvi. Et en n. S, Rights activists differ on how much guilt Pope Francis shoulders from Argentinas dirty Mar 23, 2013 Le pape Fran\u00e7ois a rencontr\u00e9 Beno\u00eet XVI samedi \u00e0 Castel Gandolfo, la r\u00e9sidence d\u00e9t\u00e9 des papes. Une rencontre in\u00e9dite <img decoding=\"async\" src=\"https:\/\/wp.fr.aleteia.org\/wp-content\/uploads\/sites\/6\/2020\/09\/POPE-FRANCIS-BENEDICT-000_DV1599284.jpg\" alt=\"rencontre benoit 16 francois\" align=\"right\"> Feb 28, 2021. Pontificale pour lAm\u00e9rique latine le 30 juin 2010 par le pape Beno\u00eet XVI. Il a rencontr\u00e9 le pape Fran\u00e7ois le 30 janvier \u00e0 Rome Visite Pastorale \u00e0 Assise Italie \u00e0 loccasion du VIIIe centenaire de la conversion de Saint-Fran\u00e7ois 17 juin 2007 <img decoding=\"async\" src=\"https:\/\/i.ytimg.com\/vi\/hks-F8NeAkk\/maxresdefault.jpg\" alt=\"rencontre benoit 16 francois\" align=\"left\"> KTO TV: retrouvez toutes nos vid\u00e9os. La vie de l\u00c9glise en direct, la vie de pri\u00e8re au jour le jour et les voyages du pape Fran\u00e7ois Dec 1, 2020 Benoit XVI avec le pape Fran\u00e7ois, le 28 novembre 2020. Le pape Fran\u00e7ois a rencontr\u00e9 Beno\u00eet XVI pour les v\u0153ux de P\u00e2ques Le pape Fran\u00e7ois et son pr\u00e9d\u00e9cesseur Beno\u00eet XVI ont eu une rencontre priv\u00e9e denviron 45 minutes avant de Mar 23, 2013 Le pape Fran\u00e7ois et son pr\u00e9d\u00e9cesseur Beno\u00eet XVI ont eu un entretien. De Castel Gandolfo au sud de Rome pour une rencontre historique Dec 7, 2021. Argentin de 84 ans, succ\u00e8de \u00e0 Beno\u00eet XVI sous le nom de Fran\u00e7ois. En visite en Gr\u00e8ce, le souverain pontife a rencontr\u00e9 des migrants <img decoding=\"async\" src=\"https:\/\/i.la-croix.com\/729x486\/smart\/2019\/12\/19\/1201067498\/audacieux-realisateur-bresilien-Fernando-Meirelles-Cite-Dieu-imagine-cette-rencontre-fictive-entre-lAllemand-lArgentin_0.jpg\" alt=\"rencontre benoit 16 francois\" align=\"center\"> Mar 23, 2013 Lhistoire s\u00e9crit souvent avec des images fortes. La photo des deux papes, Fran\u00e7ois et Beno\u00eet XVI, immortalisant leur rencontre historique \u00e0 Mar 23, 2013 La rencontre priv\u00e9e a dur\u00e9 environ 40 \u00e0 45 minutes, a d\u00e9clar\u00e9 un porte-parole du Vatican. Le pape Fran\u00e7ois et son pr\u00e9d\u00e9cesseur Beno\u00eet XVI D\u00e9sormais, Beno\u00eet XVI va \u00eatre r\u00e9guli\u00e8rement pris pour cible par des campagnes de. Recteur dannuler la rencontre, et des \u00e9tudiants ont occup\u00e9 le rectorat le Mar 3, 2020 6 images Le pape Fran\u00e7ois lors dune rencontre avec lautre pape, Benoit XVI. La sant\u00e9 des deux hommes fait lobjet de nombreuses attentions Mar 23, 2013 Car aucun des deux na cherch\u00e9 cette succession: le cardinal Bergoglio \u00e9tait le challenger du cardinal Ratzinger en 2005; sans \u00eatre le favori Mar 23, 2013 Notre Eglise sort grandie de la Renonciation de Benoit XVI et ce nest pas un hasard si Fran\u00e7ois succ\u00e8de \u00e0 Beno\u00eet.<\/p>\n","protected":false},"excerpt":{"rendered":"<p>Oct 9, 2020 Prems de no\u00ebl: Le tout premier calendrier de lAvent Selon le p\u00e8re Lombardi, Beno\u00eet XVI a accueilli le pape Fran\u00e7ois \u00e0 sa<\/p>\n","protected":false},"author":1,"featured_media":0,"comment_status":"closed","ping_status":"closed","sticky":false,"template":"","format":"standard","meta":{"footnotes":""},"categories":[],"tags":[],"class_list":["post-17727","post","type-post","status-publish","format-standard","hentry"],"_links":{"self":[{"href":"https:\/\/horsethai.com\/images\/wp-json\/wp\/v2\/posts\/17727","targetHints":{"allow":["GET"]}}],"collection":[{"href":"https:\/\/horsethai.com\/images\/wp-json\/wp\/v2\/posts"}],"about":[{"href":"https:\/\/horsethai.com\/images\/wp-json\/wp\/v2\/types\/post"}],"author":[{"embeddable":true,"href":"https:\/\/horsethai.com\/images\/wp-json\/wp\/v2\/users\/1"}],"replies":[{"embeddable":true,"href":"https:\/\/horsethai.com\/images\/wp-json\/wp\/v2\/comments?post=17727"}],"version-history":[{"count":0,"href":"https:\/\/horsethai.com\/images\/wp-json\/wp\/v2\/posts\/17727\/revisions"}],"wp:attachment":[{"href":"https:\/\/horsethai.com\/images\/wp-json\/wp\/v2\/media?parent=17727"}],"wp:term":[{"taxonomy":"category","embeddable":true,"href":"https:\/\/horsethai.com\/images\/wp-json\/wp\/v2\/categories?post=17727"},{"taxonomy":"post_tag","embeddable":true,"href":"https:\/\/horsethai.com\/images\/wp-json\/wp\/v2\/tags?post=17727"}],"curies":[{"name":"wp","href":"https:\/\/api.w.org\/{rel}","templated":true}]}}