{"id":17566,"date":"2022-11-14T13:38:44","date_gmt":"2022-11-14T13:38:44","guid":{"rendered":"https:\/\/horsethai.com\/images\/?p=17566"},"modified":"2022-11-14T13:38:44","modified_gmt":"2022-11-14T13:38:44","slug":"hollande-rencontre-bayrou","status":"publish","type":"post","link":"https:\/\/horsethai.com\/images\/hollande-rencontre-bayrou\/","title":{"rendered":"Hollande rencontre bayrou"},"content":{"rendered":"<p>Apr 11, 2018 Fran\u00e7ois Bayrou sest exprim\u00e9 sur la sortie du livre de Fran\u00e7ois Hollande sur RTL, mercredi 11 avril <img decoding=\"async\" src=\"https:\/\/static.lpnt.fr\/images\/2019\/05\/29\/18898063lpw-18898051-libre-jpg_6244438.jpg\" alt=\"hollande rencontre bayrou\" align=\"center\"> Les graines de moutarde victimes du changement climatique; les prix du vin blanc, du verre et du carton qui flambent: p\u00e9nurie et inflation frappent durement la Ce jeudi 10 septembre, sur le plateau de Quotidien, Nicolas Sarkozy a justifi\u00e9 ses tacles \u00e0 lencontre de Fran\u00e7ois Bayrou, quil \u00e9pingle Mar 11, 2012 Toujours quatri\u00e8me dans les sondages, le candidat centriste se trouve \u00e0 un moment charni\u00e8re o\u00f9 il doit se relancer pour rester dans la course Feb 23, 2017 Emmanuel Macron et Fran\u00e7ois Bayrou ont rivalis\u00e9 damabilit\u00e9s apr\u00e8s leur rencontre jeudi \u00e0 Paris, au lendemain de Sep 19, 2007 Le premier secr\u00e9taire du PS a r\u00e9pondu oui au pr\u00e9sident du MoDem, qui demandait dimanche une discussion entre les deux formations sur la Fernand est de gauche mais ne semble pas adorer Dame Royal. Alors, ce jour-l\u00e0, vendredi 9 f\u00e9vrier, sur le grand march\u00e9 de Mantes La Jolie, Fernand sarr\u00eate Nov 15, 2015 Rencontres Hollande-dirigeants politiques, Sarkozy virulent: retrouvez lactualit\u00e9 analys\u00e9e et d\u00e9crypt\u00e9e dans les articles de la r\u00e9daction <img decoding=\"async\" src=\"https:\/\/www.gala.fr\/imgre\/fit\/http.3A.2F.2Fprd2-bone-image.2Es3-website-eu-west-1.2Eamazonaws.2Ecom.2Fgal.2Fvar.2Fgal.2Fstorage.2Fimages.2Fmedia.2Fmultiupload_du_22_avril_2012.2Fhollande.2F1887799-1-fre-FR.2Fhollande.2Ejpg\/1140x499\/cr\/wqkgIC8gR2FsYQ%3D%3D\/crop-from\/top\/francois-hollande-et-nicolas-sarkozy-au-deuxieme-tour.jpg\" alt=\"hollande rencontre bayrou\" align=\"right\"> Oct 24, 2016 Ils ont appartenu au m\u00eame gouvernement et ont soutenu tous deux la candidature dEdouard Balladur, en 1995: cest \u00e0 peu pr\u00e8s tout ce qui Oct 6, 2013 Le pr\u00e9sident du MoDem, Fran\u00e7ois Bayrou, a jug\u00e9 dimanche quil ny avait pas eu de clarification de la part du pr\u00e9sident de la R\u00e9publique Nov 19, 2008 Nous soutenons lappel \u00e0 la construction dun nouveau parti de gauche lanc\u00e9 par Jean-Luc M\u00e9lenchon et Marc Dolez. En effet nous ne trouvons pas. 43 posts NB: Les photos et captures darticles entiers sont interdites. Osef www Lafranceinsoumise. Fr Les Fran\u00e7ais sont favorables \u00e0 la proportionnelle. Le r\u00e9f\u00e9rendum simpose. Https: www Huffingtonpost. Frentrybayrou-reclame-un-referendum-a-macron-sur-Dec 6, 2021 Sur BFMTV, juste apr\u00e8s le discours, le chef du service politique Philippe Corb\u00e9 a not\u00e9 que les May 10, 2012 Les handballeuses colombelloises nont pas seulement disput\u00e9 un match de Nationale 1, samedi dernier \u00e0 Bordes Feb 23, 2017 Emmanuel Macron En Marche., candidat \u00e0 la pr\u00e9sidentielle, et le pr\u00e9sident du MoDem Fran\u00e7ois Bayrou, qui viennent de conclure une Qactus est un journal qui vous offre un service de r\u00e9information gratuit, et na que pour but la v\u00e9rit\u00e9, l\u00e9veil des consciences 4 days ago Regardez Replay C \u00e0 vous du 14122021: Julien Dor\u00e9 veut \u00eatre un chanteur utile-C \u00e0 vous-14122021. Regardez en replay TV les 2 days ago Regardez Replay C \u00e0 vous du 15122021: De lart de d\u00e9brancher une candidate-C \u00e0 vous-15122021. Regardez en replay TV les May 28, 2014 Est-ce quon doit recommencer avec lid\u00e9e dun Parti unique de la droite et du centre qui organise la confusion entre des courants politiques Sep 28, 2007 la future r\u00e9forme des institutions et fait \u00e9tat de points de convergence face \u00e0 la droite. Les deux dirigeants politiques sont notamment d <img decoding=\"async\" src=\"https:\/\/static.lpnt.fr\/images\/2015\/03\/31\/bayrou-rigolo-3147567-jpg_2796220_660x287.JPG\" alt=\"hollande rencontre bayrou\" align=\"right\">.<\/p>\n","protected":false},"excerpt":{"rendered":"<p>Apr 11, 2018 Fran\u00e7ois Bayrou sest exprim\u00e9 sur la sortie du livre de Fran\u00e7ois Hollande sur RTL, mercredi 11 avril Les graines de moutarde victimes<\/p>\n","protected":false},"author":1,"featured_media":0,"comment_status":"closed","ping_status":"closed","sticky":false,"template":"","format":"standard","meta":{"footnotes":""},"categories":[],"tags":[],"class_list":["post-17566","post","type-post","status-publish","format-standard","hentry"],"_links":{"self":[{"href":"https:\/\/horsethai.com\/images\/wp-json\/wp\/v2\/posts\/17566","targetHints":{"allow":["GET"]}}],"collection":[{"href":"https:\/\/horsethai.com\/images\/wp-json\/wp\/v2\/posts"}],"about":[{"href":"https:\/\/horsethai.com\/images\/wp-json\/wp\/v2\/types\/post"}],"author":[{"embeddable":true,"href":"https:\/\/horsethai.com\/images\/wp-json\/wp\/v2\/users\/1"}],"replies":[{"embeddable":true,"href":"https:\/\/horsethai.com\/images\/wp-json\/wp\/v2\/comments?post=17566"}],"version-history":[{"count":0,"href":"https:\/\/horsethai.com\/images\/wp-json\/wp\/v2\/posts\/17566\/revisions"}],"wp:attachment":[{"href":"https:\/\/horsethai.com\/images\/wp-json\/wp\/v2\/media?parent=17566"}],"wp:term":[{"taxonomy":"category","embeddable":true,"href":"https:\/\/horsethai.com\/images\/wp-json\/wp\/v2\/categories?post=17566"},{"taxonomy":"post_tag","embeddable":true,"href":"https:\/\/horsethai.com\/images\/wp-json\/wp\/v2\/tags?post=17566"}],"curies":[{"name":"wp","href":"https:\/\/api.w.org\/{rel}","templated":true}]}}