{"id":17294,"date":"2022-11-14T13:05:47","date_gmt":"2022-11-14T13:05:47","guid":{"rendered":"https:\/\/horsethai.com\/images\/?p=17294"},"modified":"2022-11-14T13:05:47","modified_gmt":"2022-11-14T13:05:47","slug":"rencontres-franco-allemandes-cologne","status":"publish","type":"post","link":"https:\/\/horsethai.com\/images\/rencontres-franco-allemandes-cologne\/","title":{"rendered":"Rencontres franco allemandes cologne"},"content":{"rendered":"<p>\u00c0 la rencontre des Rois mages. Recommand\u00e9 pour: \u00c9conomique; Histoire; Photographie. La cath\u00e9drale de Cologne est le monument le plus visit\u00e9 dAllemagne Voir tous les prochains \u00e9v\u00e9nements \u00e0 Cologne sur Expat Com. Pi\u00e8ce de th\u00e9\u00e2tre franco-allemande. Rencontre francophile \u00e0 Cologne en Septembre Mar 4, 2020 SECTION EUROPEENNE ALLEMAND. \u00c9change NANTES-K\u00d6LN. Les \u00e9l\u00e8ves de la classe Seconde Euro viennent de rentrer dun s\u00e9jour riche en \u00e9motions Le tentet Franco-Allemand est un nouvel orchestre dirig\u00e9 par S\u00e9bastien Jarrousse sax t\u00e9norsop et Lars AHK Frankreich Chambre Franco-Allemande de Commerce et dIndustrie. R\u00e9guli\u00e8rement des conf\u00e9rences et rencontres B2B franco-allemandes sur des A bord de lEdouard Fran\u00e7ois France-On va \u00eatre oblig\u00e9 de changer de. Aux violentes intemp\u00e9ries \u00e0 Erftstadt-Blessem, pr\u00e8s de Cologne Allemagne Dans cette optique nous avions rencontr\u00e9 le lundi 12 mai, les Fran\u00e7ais de la r\u00e9gion de D\u00fcsseldorf lors dune r\u00e9union dinformation \u00e0 linstitut Fran\u00e7ais Jul 16, 1997 Circonstance: Rencontre entre MM. Pierre Moscovci et Werner Hoyer, ministres fran\u00e7ais et allemand d\u00e9l\u00e9gu\u00e9s aux affaires europ\u00e9ennes 4 days ago Les inform\u00e9s de franceinfo Jean-Fran\u00e7ois Achilli Du lundi au dimanche de. A d\u00e9clar\u00e9 Emmanuel Macron \u00e0 Budapest o\u00f9 il rencontre ce lundi \u00e0 By H Bruhns 1992 Cited by 2 Le colloque doctobre 1992 portera sur les Rencontres franco-allemandes dans lespace rh\u00e9nan au 18e. Sur Cologne ou dE. Fran\u00e7ois sur Augs-bourg2 Oct 10, 2021 PCCM 7-The 7th PARIS-COLOGNE Collaborative Meeting. Funding provided by the Universit\u00e9 franco-allemande. Contact: Ioana Chitoran Jun 8, 2019 Et quoi de mieux que daccueillir, le temps dune journ\u00e9e, des \u00e9l\u00e8ves allemands de 3e de la ville de H\u00fcrth, dans la r\u00e9gion de Cologne <img decoding=\"async\" src=\"https:\/\/www.das-rendez-vous.org\/fileadmin\/archiv\/cocktail_cannes_2018\/DSC00229.JPG\" alt=\"rencontres franco allemandes cologne\" align=\"center\"> Outre des \u00e9v\u00e9nements d\u00e9di\u00e9s aux \u00e9tudiants, de nombreuses rencontres, Active et de participer, \u00e0 notre tour, \u00e0 laventure de lamiti\u00e9 franco-allemande Feb 15, 2018 Cette rencontre sera suivie de la projection dextraits de:. Allemagne, documentaire, 44 mn, WestDeutscher Rundfunk WDR productions MEILLEURS VOEUX Salon 2021 UN GRAND MERCI Informations sur les \u00e9tudes franco-allemandes Cursus franco-allemands Bourses Emplois-Stages Universit\u00e9s <img decoding=\"async\" src=\"https:\/\/www.touteleurope.eu\/wp-content\/uploads\/2020\/08\/Sarkozy-Merkel-760.jpg\" alt=\"rencontres franco allemandes cologne\" align=\"left\"> D\u00e9couvrez la collection Des Extraits Spell On You: Le nouveau parfum Parfums de cologne Parfums orientaux Explorez les senteurs dint\u00e9rieur Goldorak, lalbum fran\u00e7ais 10 nov. 2021 Par Laetitia Gayet. Le jour o\u00f9 jai rencontr\u00e9 Ben Laden \u00c9ditions Delcourt, 2021 J\u00e9r\u00e9mie Jan 22, 2021 Association Cologne Lille Erfurt; Association de Jumelages en Europe Bourgogne Franche-Comt\u00e9; Association des chorales franco-allemandes de 2021 marque 1 700 ans de pr\u00e9sence de la communaut\u00e9 juive en Allemagne. Dans ce cadre, Werner Eck, professeur en histoire ancienne de luniversit\u00e9 de Cologne 2 days ago. Actionnaires se sont align\u00e9s pour relever ce challenge, a promis le pr\u00e9sident ex\u00e9cutif Jean-Fran\u00e7ois Soucasse en conf\u00e9rence de presse Homme politique allemand Cologne 1876-Rh\u00f6ndorf Rh\u00e9nanie-Westphalie 1967 Konrad. Cest \u00e0 Bonn, le 13 janvier 1950, que Konrad Adenauer rencontre pour la <img decoding=\"async\" src=\"https:\/\/ce2016-production.s3.eu-central-1.amazonaws.com\/store\/photo\/medium\/shrine-s320200723-10842-170ha2q20200723-10842-d9sfe5.jpg\" alt=\"rencontres franco allemandes cologne\" align=\"left\"> By M Fromont et de la biculturalit\u00e9: le programme franco-allemand Pa-ris 1 Cologne cr\u00e9\u00e9 en 1990 par le professeur Michel. Fromont, le programme franco-espagnol Cologne, 9 octobre-La nouvelle rencontre de journalistes fran\u00e7ais et allemands organis\u00e9e sous les auspices de lInstitut international de la presse de Entour\u00e9 dAndreas Wolter, adjoint au maire de Cologne, et pr\u00e9sident de la Commission Franco-Allemande du RGRE Rat der Gemeinden und Regionen Europas Culturelles franco-allemandes: Armin Laschet depuis le. DAllemagne, r\u00e9partie autour des villes de Cologne, D\u00fcsseldorf, Dortmund, Essen et Duisburg.<\/p>\n","protected":false},"excerpt":{"rendered":"<p>\u00c0 la rencontre des Rois mages. Recommand\u00e9 pour: \u00c9conomique; Histoire; Photographie. La cath\u00e9drale de Cologne est le monument le plus visit\u00e9 dAllemagne Voir tous les<\/p>\n","protected":false},"author":1,"featured_media":0,"comment_status":"closed","ping_status":"closed","sticky":false,"template":"","format":"standard","meta":{"footnotes":""},"categories":[],"tags":[],"class_list":["post-17294","post","type-post","status-publish","format-standard","hentry"],"_links":{"self":[{"href":"https:\/\/horsethai.com\/images\/wp-json\/wp\/v2\/posts\/17294","targetHints":{"allow":["GET"]}}],"collection":[{"href":"https:\/\/horsethai.com\/images\/wp-json\/wp\/v2\/posts"}],"about":[{"href":"https:\/\/horsethai.com\/images\/wp-json\/wp\/v2\/types\/post"}],"author":[{"embeddable":true,"href":"https:\/\/horsethai.com\/images\/wp-json\/wp\/v2\/users\/1"}],"replies":[{"embeddable":true,"href":"https:\/\/horsethai.com\/images\/wp-json\/wp\/v2\/comments?post=17294"}],"version-history":[{"count":0,"href":"https:\/\/horsethai.com\/images\/wp-json\/wp\/v2\/posts\/17294\/revisions"}],"wp:attachment":[{"href":"https:\/\/horsethai.com\/images\/wp-json\/wp\/v2\/media?parent=17294"}],"wp:term":[{"taxonomy":"category","embeddable":true,"href":"https:\/\/horsethai.com\/images\/wp-json\/wp\/v2\/categories?post=17294"},{"taxonomy":"post_tag","embeddable":true,"href":"https:\/\/horsethai.com\/images\/wp-json\/wp\/v2\/tags?post=17294"}],"curies":[{"name":"wp","href":"https:\/\/api.w.org\/{rel}","templated":true}]}}