{"id":17034,"date":"2022-11-14T12:40:06","date_gmt":"2022-11-14T12:40:06","guid":{"rendered":"https:\/\/horsethai.com\/images\/?p=17034"},"modified":"2022-11-14T12:40:06","modified_gmt":"2022-11-14T12:40:06","slug":"rencontres-d-arles-valise-mexicaine","status":"publish","type":"post","link":"https:\/\/horsethai.com\/images\/rencontres-d-arles-valise-mexicaine\/","title":{"rendered":"Rencontres d arles valise mexicaine"},"content":{"rendered":"<p>Lire la vid\u00e9o: La valise mexicaine de Robert Capa Rencontres dArles avec Orange Vid\u00e9o Elle allait avoir 27 ans cinq jours plus tard et fut enterr\u00e9e \u00e0 Paris, Sur la valise mexicaine, pr\u00e9sent\u00e9e aux rencontres photographiques dArles La valise mexicaine: les n\u00e9gatifs retrouv\u00e9s de la guerre civile espagnole. \u00c0 New York en 2010, puis aux Rencontres internationales dArles en 2011 Aug 19, 2011 Cest aussi la diffusion du documentaire \u00e9poustouflant de Trisha Ziff; la Valise Mexicaine. Lhistoire de la l\u00e9gendaire valise de Mar 26, 2013 Suite \u00e0 cette d\u00e9couverte, une exposition denvergure avait \u00e9t\u00e9 organis\u00e9e aux Rencontres dArles en 2011, la premi\u00e8re dEurope By M Sicard 2015 La Valise mexicaine nest pas une valise et nest pas mexicaine. Venir en France Rencontres internationales de la photographie dArles La Valise mexicaine, exposition pr\u00e9sent\u00e9e \u00e0 lICP de New York puis dans le cadre des Rencontres photographiques dArles, \u00e0 l\u00e9t\u00e9 2011 6. Sur cette 41e Rencontres dArles: Rep\u00e9rages: La 41e \u00e9dition des Rencontres. La valise mexicaine: exposition au Mus\u00e9e dArt et dHistoire du Juda\u00efsme du 27 Cest le chemin de cette d\u00e9mocratie mexicaine qua suivi la valise de n\u00e9gatifs de la guerre dEspagne de Robert Capa, Gerda Taro et Chim David Seymour Jul 2, 2011 Rencontre. \u00c0 loccasion des expositions du Mexique: r\u00e9volution et photographie et de La Valise Mexicaine, avec Miguel \u00c1ngel Berumen <img decoding=\"async\" src=\"http:\/\/4.bp.blogspot.com\/-d7M_q3P_SEE\/UUX0l5M40rI\/AAAAAAAAAIc\/rR0U21Og8z0\/s1600\/valise_mexicaine.jpg\" alt=\"rencontres d arles valise mexicaine\" align=\"right\"> <img decoding=\"async\" src=\"https:\/\/cdn.radiofrance.fr\/s3\/cruiser-production\/2013\/02\/9aae3dee-75c8-11e2-a7b7-782bcb76618d\/640_visu_02.jpg\" alt=\"rencontres d arles valise mexicaine\" align=\"left\"> Jul 9, 2011 Le catalogue des 42e Rencontres dArles pr\u00e9sente pr\u00e8s de. Et les Rencontres auront la primeur europ\u00e9enne de la Valise mexicaine <img decoding=\"async\" src=\"https:\/\/www.rencontres-arles.com\/files\/media_file_3962.jpg\" alt=\"rencontres d arles valise mexicaine\" align=\"left\"> Jul 4, 2011 \u00c9dition 2011 des Rencontres de la photographie \u00e0 Arles. Conf\u00e9rence autour du film La Valise Mexicaine et limportance de ce tr\u00e9sor face Jul 12, 2011 R\u00e9v\u00e9lation de la fameuse valise mexicaine de Robert CAPA, soit des milliers de clich\u00e9s sur la guerre dEspagne de 1936 \u00e0 1939 lors des Jul 6, 2011 Arles Les rencontres de la photographie-Editions Actes sud. Et les Rencontres auront la primeur europ\u00e9enne de la Valise mexicaine Jul 12, 2011 Les Rencontres photographiques dArles en 2011 proposent, comme chaque. Incontournable, au Mus\u00e9e D\u00e9partemental: La Valise Mexicaine La Valise mexicaine contient les n\u00e9gatifs retrouv\u00e9s de la guerre civile espagnole. \u00c0 New York en 2010, puis aux Rencontres internationales dArles en 2011 Ziff remet la Valise mexicaine \u00e0 l ICP le 19 d\u00e9cembre Bo\u00eete brune avec. Mod\u00e9ration: Francois H\u00e9bel, directeur des Rencontres photographiques d Arles Jul 5, 2011 Les Rencontres dArles \u00e9tant une des rares manifestations ayant \u00e9chapp\u00e9. Au lointain Mus\u00e9e Arles Antique voir la fameuse valise mexicaine Mar 1, 2013 Exposition: La Valise mexicaine Capa, Taro, Chim. Pr\u00e9sent\u00e9e \u00e0 New York en 2010, puis aux Rencontres internationales dArles en 2011 May 28, 2013 Apr\u00e8s New York ICP 2010, Arles Rencontres internationales de photographie, 2011, Barcelone, Bilbao et Madrid, la l\u00e9gendaire valise This content is for Abonnement rencontres d arles valise mexicaine. Expos aux Rencontres dArles en 2011: La Valise Mexicaine avec Robert Capa 2 juil 2011.<\/p>\n","protected":false},"excerpt":{"rendered":"<p>Lire la vid\u00e9o: La valise mexicaine de Robert Capa Rencontres dArles avec Orange Vid\u00e9o Elle allait avoir 27 ans cinq jours plus tard et fut<\/p>\n","protected":false},"author":1,"featured_media":0,"comment_status":"closed","ping_status":"closed","sticky":false,"template":"","format":"standard","meta":{"footnotes":""},"categories":[],"tags":[],"class_list":["post-17034","post","type-post","status-publish","format-standard","hentry"],"_links":{"self":[{"href":"https:\/\/horsethai.com\/images\/wp-json\/wp\/v2\/posts\/17034","targetHints":{"allow":["GET"]}}],"collection":[{"href":"https:\/\/horsethai.com\/images\/wp-json\/wp\/v2\/posts"}],"about":[{"href":"https:\/\/horsethai.com\/images\/wp-json\/wp\/v2\/types\/post"}],"author":[{"embeddable":true,"href":"https:\/\/horsethai.com\/images\/wp-json\/wp\/v2\/users\/1"}],"replies":[{"embeddable":true,"href":"https:\/\/horsethai.com\/images\/wp-json\/wp\/v2\/comments?post=17034"}],"version-history":[{"count":0,"href":"https:\/\/horsethai.com\/images\/wp-json\/wp\/v2\/posts\/17034\/revisions"}],"wp:attachment":[{"href":"https:\/\/horsethai.com\/images\/wp-json\/wp\/v2\/media?parent=17034"}],"wp:term":[{"taxonomy":"category","embeddable":true,"href":"https:\/\/horsethai.com\/images\/wp-json\/wp\/v2\/categories?post=17034"},{"taxonomy":"post_tag","embeddable":true,"href":"https:\/\/horsethai.com\/images\/wp-json\/wp\/v2\/tags?post=17034"}],"curies":[{"name":"wp","href":"https:\/\/api.w.org\/{rel}","templated":true}]}}